{"id":4891,"date":"2021-08-17T14:24:44","date_gmt":"2021-08-17T12:24:44","guid":{"rendered":"https:\/\/agex.agevoluzione.net\/agevoluzione-tambien-seleccionado-este-ano-como-empresa-responsable-de-buenas-practicas\/"},"modified":"2021-08-17T14:24:45","modified_gmt":"2021-08-17T12:24:45","slug":"agevoluzione-tambien-seleccionado-este-ano-como-empresa-responsable-de-buenas-practicas","status":"publish","type":"post","link":"https:\/\/www.agevoluzione.com\/es\/agevoluzione-tambien-seleccionado-este-ano-como-empresa-responsable-de-buenas-practicas\/","title":{"rendered":"AGEvoluzione tambi\u00e9n seleccionado este a\u00f1o como Empresa Responsable de Buenas Pr\u00e1cticas"},"content":{"rendered":"\t\t<div data-elementor-type=\"wp-post\" data-elementor-id=\"4891\" class=\"elementor elementor-4891 elementor-3418\">\n\t\t\t\t\t\t<section class=\"elementor-section elementor-top-section elementor-element elementor-element-1a436e75 elementor-section-boxed elementor-section-height-default elementor-section-height-default\" data-id=\"1a436e75\" data-element_type=\"section\">\n\t\t\t\t\t\t<div class=\"elementor-container elementor-column-gap-default\">\n\t\t\t\t\t<div class=\"elementor-column elementor-col-100 elementor-top-column elementor-element elementor-element-40ad7cc0\" data-id=\"40ad7cc0\" data-element_type=\"column\">\n\t\t\t<div class=\"elementor-widget-wrap elementor-element-populated\">\n\t\t\t\t\t\t<div class=\"elementor-element elementor-element-5409935b elementor-widget elementor-widget-text-editor\" data-id=\"5409935b\" data-element_type=\"widget\" data-widget_type=\"text-editor.default\">\n\t\t\t\t<div class=\"elementor-widget-container\">\n\t\t\t\t\t\t\t\t\t<p>Si se preguntan qui\u00e9n ha sido seleccionado este a\u00f1o para Buenas Pr\u00e1cticas, \u00a1tenemos buenas noticias!<\/p>\n<p>Agevoluzione fue seleccionada tambi\u00e9n en 2017 entre las empresas Socialmente Responsables para las Buenas Pr\u00e1cticas en los \u00e1mbitos <strong>ambiente, trabajo y gesti\u00f3n<\/strong>.<\/p>\n<p>La entrega de premios tendr\u00e1 lugar el <strong>29 de noviembre<\/strong> en el Palazzo della Regione Lombardia en Mil\u00e1n:<\/p>\n<p><a href=\"http:\/\/www.csr.unioncamerelombardia.it\/\">http:\/\/www.csr.unioncamerelombardia.it\/<\/a><\/p>\n<p>La Colecci\u00f3n de Buenas Pr\u00e1cticas en materia de CSR pone de relieve las mejores pr\u00e1cticas de las empresas que optan por perseguir comportamientos socialmente responsables a trav\u00e9s del llamado \u00abRepertorio On Line de las Buenas Pr\u00e1cticas Lombardas\u00bb<\/p>\n\t\t\t\t\t\t\t\t<\/div>\n\t\t\t\t<\/div>\n\t\t\t\t\t<\/div>\n\t\t<\/div>\n\t\t\t\t\t<\/div>\n\t\t<\/section>\n\t\t\t\t<\/div>\n\t\t","protected":false},"excerpt":{"rendered":"<p>Si se preguntan qui\u00e9n ha sido seleccionado este a\u00f1o para Buenas Pr\u00e1cticas, \u00a1tenemos buenas noticias! Agevoluzione fue seleccionada tambi\u00e9n en 2017 entre las empresas Socialmente Responsables para las Buenas Pr\u00e1cticas en los \u00e1mbitos ambiente, trabajo y gesti\u00f3n. La entrega de premios tendr\u00e1 lugar el 29 de noviembre en el Palazzo della Regione Lombardia en Mil\u00e1n: [&hellip;]<\/p>\n","protected":false},"author":3,"featured_media":3421,"comment_status":"open","ping_status":"open","sticky":false,"template":"","format":"standard","meta":{"ocean_post_layout":"","ocean_both_sidebars_style":"","ocean_both_sidebars_content_width":0,"ocean_both_sidebars_sidebars_width":0,"ocean_sidebar":"0","ocean_second_sidebar":"0","ocean_disable_margins":"enable","ocean_add_body_class":"","ocean_shortcode_before_top_bar":"","ocean_shortcode_after_top_bar":"","ocean_shortcode_before_header":"","ocean_shortcode_after_header":"","ocean_has_shortcode":"","ocean_shortcode_after_title":"","ocean_shortcode_before_footer_widgets":"","ocean_shortcode_after_footer_widgets":"","ocean_shortcode_before_footer_bottom":"","ocean_shortcode_after_footer_bottom":"","ocean_display_top_bar":"default","ocean_display_header":"default","ocean_header_style":"","ocean_center_header_left_menu":"0","ocean_custom_header_template":"0","ocean_custom_logo":0,"ocean_custom_retina_logo":0,"ocean_custom_logo_max_width":0,"ocean_custom_logo_tablet_max_width":0,"ocean_custom_logo_mobile_max_width":0,"ocean_custom_logo_max_height":0,"ocean_custom_logo_tablet_max_height":0,"ocean_custom_logo_mobile_max_height":0,"ocean_header_custom_menu":"0","ocean_menu_typo_font_family":"0","ocean_menu_typo_font_subset":"","ocean_menu_typo_font_size":0,"ocean_menu_typo_font_size_tablet":0,"ocean_menu_typo_font_size_mobile":0,"ocean_menu_typo_font_size_unit":"px","ocean_menu_typo_font_weight":"","ocean_menu_typo_font_weight_tablet":"","ocean_menu_typo_font_weight_mobile":"","ocean_menu_typo_transform":"","ocean_menu_typo_transform_tablet":"","ocean_menu_typo_transform_mobile":"","ocean_menu_typo_line_height":0,"ocean_menu_typo_line_height_tablet":0,"ocean_menu_typo_line_height_mobile":0,"ocean_menu_typo_line_height_unit":"","ocean_menu_typo_spacing":0,"ocean_menu_typo_spacing_tablet":0,"ocean_menu_typo_spacing_mobile":0,"ocean_menu_typo_spacing_unit":"","ocean_menu_link_color":"","ocean_menu_link_color_hover":"","ocean_menu_link_color_active":"","ocean_menu_link_background":"","ocean_menu_link_hover_background":"","ocean_menu_link_active_background":"","ocean_menu_social_links_bg":"","ocean_menu_social_hover_links_bg":"","ocean_menu_social_links_color":"","ocean_menu_social_hover_links_color":"","ocean_disable_title":"default","ocean_disable_heading":"default","ocean_post_title":"","ocean_post_subheading":"","ocean_post_title_style":"","ocean_post_title_background_color":"","ocean_post_title_background":0,"ocean_post_title_bg_image_position":"","ocean_post_title_bg_image_attachment":"","ocean_post_title_bg_image_repeat":"","ocean_post_title_bg_image_size":"","ocean_post_title_height":0,"ocean_post_title_bg_overlay":0.5,"ocean_post_title_bg_overlay_color":"","ocean_disable_breadcrumbs":"default","ocean_breadcrumbs_color":"","ocean_breadcrumbs_separator_color":"","ocean_breadcrumbs_links_color":"","ocean_breadcrumbs_links_hover_color":"","ocean_display_footer_widgets":"default","ocean_display_footer_bottom":"default","ocean_custom_footer_template":"0","ofc_meta_disable_footer_callout":"","ofc_meta_callout_button_url":"","ofc_meta_callout_button_txt":"","ofc_meta_callout_text":"","ofc_enable_fullscreen":"disable","ofc_fullscreen_speed":0,"ofc_fullscreen_nav":"enable","ofc_fullscreen_nav_pos":"right","ofc_fullscreen_nav_color":"","ofc_fullscreen_nav_tooltip_color":"","ofc_fullscreen_responsive":0,"osp_disable_panel":"default","osh_disable_topbar_sticky":"default","osh_disable_header_sticky":"default","osh_sticky_header_style":"default","osh_sticky_header_effect":"","osh_custom_sticky_logo":0,"osh_custom_retina_sticky_logo":0,"osh_custom_sticky_logo_height":0,"osh_background_color":"","osh_links_color":"","osh_links_hover_color":"","osh_links_active_color":"","osh_links_bg_color":"","osh_links_hover_bg_color":"","osh_links_active_bg_color":"","osh_menu_social_links_color":"","osh_menu_social_hover_links_color":"","ocean_post_oembed":"","ocean_post_self_hosted_media":"","ocean_post_video_embed":"","ocean_link_format":"","ocean_link_format_target":"self","ocean_quote_format":"","ocean_quote_format_link":"post","ocean_gallery_link_images":"on","ocean_gallery_id":[],"footnotes":""},"categories":[17],"tags":[],"class_list":["post-4891","post","type-post","status-publish","format-standard","has-post-thumbnail","hentry","category-noticias","entry","has-media"],"yoast_head":"<!-- This site is optimized with the Yoast SEO plugin v27.5 - https:\/\/yoast.com\/product\/yoast-seo-wordpress\/ -->\n<title>AGEvoluzione tambi\u00e9n seleccionado este a\u00f1o como Empresa Responsable de Buenas Pr\u00e1cticas - Agevoluzione<\/title>\n<meta name=\"robots\" content=\"index, follow, max-snippet:-1, max-image-preview:large, max-video-preview:-1\" \/>\n<link rel=\"canonical\" href=\"https:\/\/www.agevoluzione.com\/es\/agevoluzione-tambien-seleccionado-este-ano-como-empresa-responsable-de-buenas-practicas\/\" \/>\n<meta property=\"og:locale\" content=\"es_ES\" \/>\n<meta property=\"og:type\" content=\"article\" \/>\n<meta property=\"og:title\" content=\"AGEvoluzione tambi\u00e9n seleccionado este a\u00f1o como Empresa Responsable de Buenas Pr\u00e1cticas - Agevoluzione\" \/>\n<meta property=\"og:description\" content=\"Si se preguntan qui\u00e9n ha sido seleccionado este a\u00f1o para Buenas Pr\u00e1cticas, \u00a1tenemos buenas noticias! Agevoluzione fue seleccionada tambi\u00e9n en 2017 entre las empresas Socialmente Responsables para las Buenas Pr\u00e1cticas en los \u00e1mbitos ambiente, trabajo y gesti\u00f3n. La entrega de premios tendr\u00e1 lugar el 29 de noviembre en el Palazzo della Regione Lombardia en Mil\u00e1n: [&hellip;]\" \/>\n<meta property=\"og:url\" content=\"https:\/\/www.agevoluzione.com\/es\/agevoluzione-tambien-seleccionado-este-ano-como-empresa-responsable-de-buenas-practicas\/\" \/>\n<meta property=\"og:site_name\" content=\"Agevoluzione\" \/>\n<meta property=\"article:published_time\" content=\"2021-08-17T12:24:44+00:00\" \/>\n<meta property=\"article:modified_time\" content=\"2021-08-17T12:24:45+00:00\" \/>\n<meta property=\"og:image\" content=\"https:\/\/www.agevoluzione.com\/wp-content\/uploads\/2021\/08\/buone-prassi-2017-regione-lombardia.jpg\" \/>\n\t<meta property=\"og:image:width\" content=\"700\" \/>\n\t<meta property=\"og:image:height\" content=\"486\" \/>\n\t<meta property=\"og:image:type\" content=\"image\/jpeg\" \/>\n<meta name=\"author\" content=\"Age_AD\" \/>\n<meta name=\"twitter:card\" content=\"summary_large_image\" \/>\n<meta name=\"twitter:label1\" content=\"Escrito por\" \/>\n\t<meta name=\"twitter:data1\" content=\"Age_AD\" \/>\n\t<meta name=\"twitter:label2\" content=\"Tiempo de lectura\" \/>\n\t<meta name=\"twitter:data2\" content=\"1 minuto\" \/>\n<script type=\"application\/ld+json\" class=\"yoast-schema-graph\">{\"@context\":\"https:\\\/\\\/schema.org\",\"@graph\":[{\"@type\":\"Article\",\"@id\":\"https:\\\/\\\/www.agevoluzione.com\\\/es\\\/agevoluzione-tambien-seleccionado-este-ano-como-empresa-responsable-de-buenas-practicas\\\/#article\",\"isPartOf\":{\"@id\":\"https:\\\/\\\/www.agevoluzione.com\\\/es\\\/agevoluzione-tambien-seleccionado-este-ano-como-empresa-responsable-de-buenas-practicas\\\/\"},\"author\":{\"name\":\"Age_AD\",\"@id\":\"https:\\\/\\\/www.agevoluzione.com\\\/es\\\/#\\\/schema\\\/person\\\/6dd110b3472059b9f46750932459b280\"},\"headline\":\"AGEvoluzione tambi\u00e9n seleccionado este a\u00f1o como Empresa Responsable de Buenas Pr\u00e1cticas\",\"datePublished\":\"2021-08-17T12:24:44+00:00\",\"dateModified\":\"2021-08-17T12:24:45+00:00\",\"mainEntityOfPage\":{\"@id\":\"https:\\\/\\\/www.agevoluzione.com\\\/es\\\/agevoluzione-tambien-seleccionado-este-ano-como-empresa-responsable-de-buenas-practicas\\\/\"},\"wordCount\":121,\"commentCount\":0,\"publisher\":{\"@id\":\"https:\\\/\\\/www.agevoluzione.com\\\/es\\\/#organization\"},\"image\":{\"@id\":\"https:\\\/\\\/www.agevoluzione.com\\\/es\\\/agevoluzione-tambien-seleccionado-este-ano-como-empresa-responsable-de-buenas-practicas\\\/#primaryimage\"},\"thumbnailUrl\":\"https:\\\/\\\/www.agevoluzione.com\\\/wp-content\\\/uploads\\\/2021\\\/08\\\/buone-prassi-2017-regione-lombardia.jpg\",\"articleSection\":[\"Noticias\"],\"inLanguage\":\"es\"},{\"@type\":\"WebPage\",\"@id\":\"https:\\\/\\\/www.agevoluzione.com\\\/es\\\/agevoluzione-tambien-seleccionado-este-ano-como-empresa-responsable-de-buenas-practicas\\\/\",\"url\":\"https:\\\/\\\/www.agevoluzione.com\\\/es\\\/agevoluzione-tambien-seleccionado-este-ano-como-empresa-responsable-de-buenas-practicas\\\/\",\"name\":\"AGEvoluzione tambi\u00e9n seleccionado este a\u00f1o como Empresa Responsable de Buenas Pr\u00e1cticas - Agevoluzione\",\"isPartOf\":{\"@id\":\"https:\\\/\\\/www.agevoluzione.com\\\/es\\\/#website\"},\"primaryImageOfPage\":{\"@id\":\"https:\\\/\\\/www.agevoluzione.com\\\/es\\\/agevoluzione-tambien-seleccionado-este-ano-como-empresa-responsable-de-buenas-practicas\\\/#primaryimage\"},\"image\":{\"@id\":\"https:\\\/\\\/www.agevoluzione.com\\\/es\\\/agevoluzione-tambien-seleccionado-este-ano-como-empresa-responsable-de-buenas-practicas\\\/#primaryimage\"},\"thumbnailUrl\":\"https:\\\/\\\/www.agevoluzione.com\\\/wp-content\\\/uploads\\\/2021\\\/08\\\/buone-prassi-2017-regione-lombardia.jpg\",\"datePublished\":\"2021-08-17T12:24:44+00:00\",\"dateModified\":\"2021-08-17T12:24:45+00:00\",\"breadcrumb\":{\"@id\":\"https:\\\/\\\/www.agevoluzione.com\\\/es\\\/agevoluzione-tambien-seleccionado-este-ano-como-empresa-responsable-de-buenas-practicas\\\/#breadcrumb\"},\"inLanguage\":\"es\",\"potentialAction\":[{\"@type\":\"ReadAction\",\"target\":[\"https:\\\/\\\/www.agevoluzione.com\\\/es\\\/agevoluzione-tambien-seleccionado-este-ano-como-empresa-responsable-de-buenas-practicas\\\/\"]}]},{\"@type\":\"ImageObject\",\"inLanguage\":\"es\",\"@id\":\"https:\\\/\\\/www.agevoluzione.com\\\/es\\\/agevoluzione-tambien-seleccionado-este-ano-como-empresa-responsable-de-buenas-practicas\\\/#primaryimage\",\"url\":\"https:\\\/\\\/www.agevoluzione.com\\\/wp-content\\\/uploads\\\/2021\\\/08\\\/buone-prassi-2017-regione-lombardia.jpg\",\"contentUrl\":\"https:\\\/\\\/www.agevoluzione.com\\\/wp-content\\\/uploads\\\/2021\\\/08\\\/buone-prassi-2017-regione-lombardia.jpg\",\"width\":700,\"height\":486},{\"@type\":\"BreadcrumbList\",\"@id\":\"https:\\\/\\\/www.agevoluzione.com\\\/es\\\/agevoluzione-tambien-seleccionado-este-ano-como-empresa-responsable-de-buenas-practicas\\\/#breadcrumb\",\"itemListElement\":[{\"@type\":\"ListItem\",\"position\":1,\"name\":\"Home\",\"item\":\"https:\\\/\\\/www.agevoluzione.com\\\/es\\\/\"},{\"@type\":\"ListItem\",\"position\":2,\"name\":\"AGEvoluzione tambi\u00e9n seleccionado este a\u00f1o como Empresa Responsable de Buenas Pr\u00e1cticas\"}]},{\"@type\":\"WebSite\",\"@id\":\"https:\\\/\\\/www.agevoluzione.com\\\/es\\\/#website\",\"url\":\"https:\\\/\\\/www.agevoluzione.com\\\/es\\\/\",\"name\":\"Agevoluzione\",\"description\":\"\",\"publisher\":{\"@id\":\"https:\\\/\\\/www.agevoluzione.com\\\/es\\\/#organization\"},\"potentialAction\":[{\"@type\":\"SearchAction\",\"target\":{\"@type\":\"EntryPoint\",\"urlTemplate\":\"https:\\\/\\\/www.agevoluzione.com\\\/es\\\/?s={search_term_string}\"},\"query-input\":{\"@type\":\"PropertyValueSpecification\",\"valueRequired\":true,\"valueName\":\"search_term_string\"}}],\"inLanguage\":\"es\"},{\"@type\":\"Organization\",\"@id\":\"https:\\\/\\\/www.agevoluzione.com\\\/es\\\/#organization\",\"name\":\"Agevoluzione\",\"url\":\"https:\\\/\\\/www.agevoluzione.com\\\/es\\\/\",\"logo\":{\"@type\":\"ImageObject\",\"inLanguage\":\"es\",\"@id\":\"https:\\\/\\\/www.agevoluzione.com\\\/es\\\/#\\\/schema\\\/logo\\\/image\\\/\",\"url\":\"https:\\\/\\\/www.agevoluzione.com\\\/wp-content\\\/uploads\\\/2021\\\/08\\\/cropped-AGE-Logo_BK-WEB-1.png\",\"contentUrl\":\"https:\\\/\\\/www.agevoluzione.com\\\/wp-content\\\/uploads\\\/2021\\\/08\\\/cropped-AGE-Logo_BK-WEB-1.png\",\"width\":612,\"height\":168,\"caption\":\"Agevoluzione\"},\"image\":{\"@id\":\"https:\\\/\\\/www.agevoluzione.com\\\/es\\\/#\\\/schema\\\/logo\\\/image\\\/\"}},{\"@type\":\"Person\",\"@id\":\"https:\\\/\\\/www.agevoluzione.com\\\/es\\\/#\\\/schema\\\/person\\\/6dd110b3472059b9f46750932459b280\",\"name\":\"Age_AD\",\"image\":{\"@type\":\"ImageObject\",\"inLanguage\":\"es\",\"@id\":\"https:\\\/\\\/secure.gravatar.com\\\/avatar\\\/5b58501553fded8953d47857de03dd1344897ff46505bfc450dabe640d70fbea?s=96&d=mm&r=g\",\"url\":\"https:\\\/\\\/secure.gravatar.com\\\/avatar\\\/5b58501553fded8953d47857de03dd1344897ff46505bfc450dabe640d70fbea?s=96&d=mm&r=g\",\"contentUrl\":\"https:\\\/\\\/secure.gravatar.com\\\/avatar\\\/5b58501553fded8953d47857de03dd1344897ff46505bfc450dabe640d70fbea?s=96&d=mm&r=g\",\"caption\":\"Age_AD\"},\"url\":\"https:\\\/\\\/www.agevoluzione.com\\\/es\\\/author\\\/age_ad\\\/\"}]}<\/script>\n<!-- \/ Yoast SEO plugin. -->","yoast_head_json":{"title":"AGEvoluzione tambi\u00e9n seleccionado este a\u00f1o como Empresa Responsable de Buenas Pr\u00e1cticas - Agevoluzione","robots":{"index":"index","follow":"follow","max-snippet":"max-snippet:-1","max-image-preview":"max-image-preview:large","max-video-preview":"max-video-preview:-1"},"canonical":"https:\/\/www.agevoluzione.com\/es\/agevoluzione-tambien-seleccionado-este-ano-como-empresa-responsable-de-buenas-practicas\/","og_locale":"es_ES","og_type":"article","og_title":"AGEvoluzione tambi\u00e9n seleccionado este a\u00f1o como Empresa Responsable de Buenas Pr\u00e1cticas - Agevoluzione","og_description":"Si se preguntan qui\u00e9n ha sido seleccionado este a\u00f1o para Buenas Pr\u00e1cticas, \u00a1tenemos buenas noticias! Agevoluzione fue seleccionada tambi\u00e9n en 2017 entre las empresas Socialmente Responsables para las Buenas Pr\u00e1cticas en los \u00e1mbitos ambiente, trabajo y gesti\u00f3n. La entrega de premios tendr\u00e1 lugar el 29 de noviembre en el Palazzo della Regione Lombardia en Mil\u00e1n: [&hellip;]","og_url":"https:\/\/www.agevoluzione.com\/es\/agevoluzione-tambien-seleccionado-este-ano-como-empresa-responsable-de-buenas-practicas\/","og_site_name":"Agevoluzione","article_published_time":"2021-08-17T12:24:44+00:00","article_modified_time":"2021-08-17T12:24:45+00:00","og_image":[{"width":700,"height":486,"url":"https:\/\/www.agevoluzione.com\/wp-content\/uploads\/2021\/08\/buone-prassi-2017-regione-lombardia.jpg","type":"image\/jpeg"}],"author":"Age_AD","twitter_card":"summary_large_image","twitter_misc":{"Escrito por":"Age_AD","Tiempo de lectura":"1 minuto"},"schema":{"@context":"https:\/\/schema.org","@graph":[{"@type":"Article","@id":"https:\/\/www.agevoluzione.com\/es\/agevoluzione-tambien-seleccionado-este-ano-como-empresa-responsable-de-buenas-practicas\/#article","isPartOf":{"@id":"https:\/\/www.agevoluzione.com\/es\/agevoluzione-tambien-seleccionado-este-ano-como-empresa-responsable-de-buenas-practicas\/"},"author":{"name":"Age_AD","@id":"https:\/\/www.agevoluzione.com\/es\/#\/schema\/person\/6dd110b3472059b9f46750932459b280"},"headline":"AGEvoluzione tambi\u00e9n seleccionado este a\u00f1o como Empresa Responsable de Buenas Pr\u00e1cticas","datePublished":"2021-08-17T12:24:44+00:00","dateModified":"2021-08-17T12:24:45+00:00","mainEntityOfPage":{"@id":"https:\/\/www.agevoluzione.com\/es\/agevoluzione-tambien-seleccionado-este-ano-como-empresa-responsable-de-buenas-practicas\/"},"wordCount":121,"commentCount":0,"publisher":{"@id":"https:\/\/www.agevoluzione.com\/es\/#organization"},"image":{"@id":"https:\/\/www.agevoluzione.com\/es\/agevoluzione-tambien-seleccionado-este-ano-como-empresa-responsable-de-buenas-practicas\/#primaryimage"},"thumbnailUrl":"https:\/\/www.agevoluzione.com\/wp-content\/uploads\/2021\/08\/buone-prassi-2017-regione-lombardia.jpg","articleSection":["Noticias"],"inLanguage":"es"},{"@type":"WebPage","@id":"https:\/\/www.agevoluzione.com\/es\/agevoluzione-tambien-seleccionado-este-ano-como-empresa-responsable-de-buenas-practicas\/","url":"https:\/\/www.agevoluzione.com\/es\/agevoluzione-tambien-seleccionado-este-ano-como-empresa-responsable-de-buenas-practicas\/","name":"AGEvoluzione tambi\u00e9n seleccionado este a\u00f1o como Empresa Responsable de Buenas Pr\u00e1cticas - Agevoluzione","isPartOf":{"@id":"https:\/\/www.agevoluzione.com\/es\/#website"},"primaryImageOfPage":{"@id":"https:\/\/www.agevoluzione.com\/es\/agevoluzione-tambien-seleccionado-este-ano-como-empresa-responsable-de-buenas-practicas\/#primaryimage"},"image":{"@id":"https:\/\/www.agevoluzione.com\/es\/agevoluzione-tambien-seleccionado-este-ano-como-empresa-responsable-de-buenas-practicas\/#primaryimage"},"thumbnailUrl":"https:\/\/www.agevoluzione.com\/wp-content\/uploads\/2021\/08\/buone-prassi-2017-regione-lombardia.jpg","datePublished":"2021-08-17T12:24:44+00:00","dateModified":"2021-08-17T12:24:45+00:00","breadcrumb":{"@id":"https:\/\/www.agevoluzione.com\/es\/agevoluzione-tambien-seleccionado-este-ano-como-empresa-responsable-de-buenas-practicas\/#breadcrumb"},"inLanguage":"es","potentialAction":[{"@type":"ReadAction","target":["https:\/\/www.agevoluzione.com\/es\/agevoluzione-tambien-seleccionado-este-ano-como-empresa-responsable-de-buenas-practicas\/"]}]},{"@type":"ImageObject","inLanguage":"es","@id":"https:\/\/www.agevoluzione.com\/es\/agevoluzione-tambien-seleccionado-este-ano-como-empresa-responsable-de-buenas-practicas\/#primaryimage","url":"https:\/\/www.agevoluzione.com\/wp-content\/uploads\/2021\/08\/buone-prassi-2017-regione-lombardia.jpg","contentUrl":"https:\/\/www.agevoluzione.com\/wp-content\/uploads\/2021\/08\/buone-prassi-2017-regione-lombardia.jpg","width":700,"height":486},{"@type":"BreadcrumbList","@id":"https:\/\/www.agevoluzione.com\/es\/agevoluzione-tambien-seleccionado-este-ano-como-empresa-responsable-de-buenas-practicas\/#breadcrumb","itemListElement":[{"@type":"ListItem","position":1,"name":"Home","item":"https:\/\/www.agevoluzione.com\/es\/"},{"@type":"ListItem","position":2,"name":"AGEvoluzione tambi\u00e9n seleccionado este a\u00f1o como Empresa Responsable de Buenas Pr\u00e1cticas"}]},{"@type":"WebSite","@id":"https:\/\/www.agevoluzione.com\/es\/#website","url":"https:\/\/www.agevoluzione.com\/es\/","name":"Agevoluzione","description":"","publisher":{"@id":"https:\/\/www.agevoluzione.com\/es\/#organization"},"potentialAction":[{"@type":"SearchAction","target":{"@type":"EntryPoint","urlTemplate":"https:\/\/www.agevoluzione.com\/es\/?s={search_term_string}"},"query-input":{"@type":"PropertyValueSpecification","valueRequired":true,"valueName":"search_term_string"}}],"inLanguage":"es"},{"@type":"Organization","@id":"https:\/\/www.agevoluzione.com\/es\/#organization","name":"Agevoluzione","url":"https:\/\/www.agevoluzione.com\/es\/","logo":{"@type":"ImageObject","inLanguage":"es","@id":"https:\/\/www.agevoluzione.com\/es\/#\/schema\/logo\/image\/","url":"https:\/\/www.agevoluzione.com\/wp-content\/uploads\/2021\/08\/cropped-AGE-Logo_BK-WEB-1.png","contentUrl":"https:\/\/www.agevoluzione.com\/wp-content\/uploads\/2021\/08\/cropped-AGE-Logo_BK-WEB-1.png","width":612,"height":168,"caption":"Agevoluzione"},"image":{"@id":"https:\/\/www.agevoluzione.com\/es\/#\/schema\/logo\/image\/"}},{"@type":"Person","@id":"https:\/\/www.agevoluzione.com\/es\/#\/schema\/person\/6dd110b3472059b9f46750932459b280","name":"Age_AD","image":{"@type":"ImageObject","inLanguage":"es","@id":"https:\/\/secure.gravatar.com\/avatar\/5b58501553fded8953d47857de03dd1344897ff46505bfc450dabe640d70fbea?s=96&d=mm&r=g","url":"https:\/\/secure.gravatar.com\/avatar\/5b58501553fded8953d47857de03dd1344897ff46505bfc450dabe640d70fbea?s=96&d=mm&r=g","contentUrl":"https:\/\/secure.gravatar.com\/avatar\/5b58501553fded8953d47857de03dd1344897ff46505bfc450dabe640d70fbea?s=96&d=mm&r=g","caption":"Age_AD"},"url":"https:\/\/www.agevoluzione.com\/es\/author\/age_ad\/"}]}},"_links":{"self":[{"href":"https:\/\/www.agevoluzione.com\/es\/wp-json\/wp\/v2\/posts\/4891","targetHints":{"allow":["GET"]}}],"collection":[{"href":"https:\/\/www.agevoluzione.com\/es\/wp-json\/wp\/v2\/posts"}],"about":[{"href":"https:\/\/www.agevoluzione.com\/es\/wp-json\/wp\/v2\/types\/post"}],"author":[{"embeddable":true,"href":"https:\/\/www.agevoluzione.com\/es\/wp-json\/wp\/v2\/users\/3"}],"replies":[{"embeddable":true,"href":"https:\/\/www.agevoluzione.com\/es\/wp-json\/wp\/v2\/comments?post=4891"}],"version-history":[{"count":1,"href":"https:\/\/www.agevoluzione.com\/es\/wp-json\/wp\/v2\/posts\/4891\/revisions"}],"predecessor-version":[{"id":4892,"href":"https:\/\/www.agevoluzione.com\/es\/wp-json\/wp\/v2\/posts\/4891\/revisions\/4892"}],"wp:featuredmedia":[{"embeddable":true,"href":"https:\/\/www.agevoluzione.com\/es\/wp-json\/wp\/v2\/media\/3421"}],"wp:attachment":[{"href":"https:\/\/www.agevoluzione.com\/es\/wp-json\/wp\/v2\/media?parent=4891"}],"wp:term":[{"taxonomy":"category","embeddable":true,"href":"https:\/\/www.agevoluzione.com\/es\/wp-json\/wp\/v2\/categories?post=4891"},{"taxonomy":"post_tag","embeddable":true,"href":"https:\/\/www.agevoluzione.com\/es\/wp-json\/wp\/v2\/tags?post=4891"}],"curies":[{"name":"wp","href":"https:\/\/api.w.org\/{rel}","templated":true}]}}